{"id":823,"date":"2023-10-03T12:25:36","date_gmt":"2023-10-03T11:25:36","guid":{"rendered":"http:\/\/www.fotoluigi.hr\/?p=823"},"modified":"2023-10-03T12:27:38","modified_gmt":"2023-10-03T11:27:38","slug":"becki-tjedan-2023-vienna-week-in-opatija-2023","status":"publish","type":"post","link":"http:\/\/www.fotoluigi.hr\/index.php\/becki-tjedan-2023-vienna-week-in-opatija-2023\/","title":{"rendered":"Be\u010dki tjedan 2023 \/ Vienna Week in Opatija 2023"},"content":{"rendered":"\n<p>Nakon stanke, glamur be\u010dkih balova zavladao je Opatijom. U\u017eivajte u galerijama koje smo pripremili!<\/p>\n\n\n\n<p>Lions humanitarna revija i degustacija vina: <a href=\"https:\/\/fotoluigi315.zenfolio.com\/p414943480\" target=\"_blank\" rel=\"noreferrer noopener\">https:\/\/fotoluigi315.zenfolio.com\/p414943480<\/a><\/p>\n\n\n\n<p>Be\u010dki bal 2023: <a href=\"https:\/\/fotoluigi315.zenfolio.com\/p652375694\" target=\"_blank\" rel=\"noreferrer noopener\">https:\/\/fotoluigi315.zenfolio.com\/p652375694<\/a><\/p>\n\n\n\n<p>Za narud\u017ebu, zapi\u0161ite brojeve fotografija koje Vas zanimaju i popis dostavite u na\u0161e poslovnice.<\/p>\n","protected":false},"excerpt":{"rendered":"<p>Nakon stanke, glamur be\u010dkih balova zavladao je Opatijom. U\u017eivajte u galerijama koje smo pripremili! Lions humanitarna revija i degustacija vina: https:\/\/fotoluigi315.zenfolio.com\/p414943480 Be\u010dki bal 2023: https:\/\/fotoluigi315.zenfolio.com\/p652375694 Za narud\u017ebu, zapi\u0161ite brojeve fotografija koje Vas zanimaju i popis dostavite u na\u0161e poslovnice.<\/p>\n","protected":false},"author":1,"featured_media":0,"comment_status":"closed","ping_status":"open","sticky":false,"template":"","format":"standard","meta":{"footnotes":""},"categories":[7,3],"tags":[],"class_list":["post-823","post","type-post","status-publish","format-standard","hentry","category-eventi","category-galerija"],"_links":{"self":[{"href":"http:\/\/www.fotoluigi.hr\/index.php\/wp-json\/wp\/v2\/posts\/823","targetHints":{"allow":["GET"]}}],"collection":[{"href":"http:\/\/www.fotoluigi.hr\/index.php\/wp-json\/wp\/v2\/posts"}],"about":[{"href":"http:\/\/www.fotoluigi.hr\/index.php\/wp-json\/wp\/v2\/types\/post"}],"author":[{"embeddable":true,"href":"http:\/\/www.fotoluigi.hr\/index.php\/wp-json\/wp\/v2\/users\/1"}],"replies":[{"embeddable":true,"href":"http:\/\/www.fotoluigi.hr\/index.php\/wp-json\/wp\/v2\/comments?post=823"}],"version-history":[{"count":2,"href":"http:\/\/www.fotoluigi.hr\/index.php\/wp-json\/wp\/v2\/posts\/823\/revisions"}],"predecessor-version":[{"id":825,"href":"http:\/\/www.fotoluigi.hr\/index.php\/wp-json\/wp\/v2\/posts\/823\/revisions\/825"}],"wp:attachment":[{"href":"http:\/\/www.fotoluigi.hr\/index.php\/wp-json\/wp\/v2\/media?parent=823"}],"wp:term":[{"taxonomy":"category","embeddable":true,"href":"http:\/\/www.fotoluigi.hr\/index.php\/wp-json\/wp\/v2\/categories?post=823"},{"taxonomy":"post_tag","embeddable":true,"href":"http:\/\/www.fotoluigi.hr\/index.php\/wp-json\/wp\/v2\/tags?post=823"}],"curies":[{"name":"wp","href":"https:\/\/api.w.org\/{rel}","templated":true}]}}