{"id":812,"date":"2022-06-26T19:25:58","date_gmt":"2022-06-26T18:25:58","guid":{"rendered":"http:\/\/www.fotoluigi.hr\/?p=812"},"modified":"2022-06-26T19:28:33","modified_gmt":"2022-06-26T18:28:33","slug":"ljetna-balinjerada-opatija-2022","status":"publish","type":"post","link":"http:\/\/www.fotoluigi.hr\/index.php\/ljetna-balinjerada-opatija-2022\/","title":{"rendered":"Ljetna Balinjerada Opatija 2022"},"content":{"rendered":"\n<p>Pogledajte ljetno izdanje najlu\u0111e utrke karnevalskog svijeta, ove godine u ljetnom ruhu!<\/p>\n\n\n\n<p>Galeriju fotografija pogledajte <a href=\"http:\/\/www.fotoluigi.hr\/karneval\/bali22\">ovdje<\/a>, a kao i uvijek, zapi\u0161ite brojeve i navratite do na\u0161ih poslovnica kako bismo Vam izradili fotografije za trajnu uspomenu!<\/p>\n\n\n\n<figure class=\"wp-block-image size-large\"><img decoding=\"async\" src=\"http:\/\/www.fotoluigi.hr\/karneval\/bali22\/slides\/lj_bali0198.jpg\" alt=\"\"\/><figcaption>Ljetna Balinjerada Opatija 2022<\/figcaption><\/figure>\n\n\n\n<p>A ako jo\u0161 niste, pogledajte galeriju karnevalskih fotografija od ovogodi\u0161njeg Pusta na <a href=\"http:\/\/www.fotoluigi.hr\/karneval\">www.fotoluigi.hr\/karneval<\/a><\/p>\n\n\n\n<p><\/p>\n","protected":false},"excerpt":{"rendered":"<p>Pogledajte ljetno izdanje najlu\u0111e utrke karnevalskog svijeta, ove godine u ljetnom ruhu! Galeriju fotografija pogledajte ovdje, a kao i uvijek, zapi\u0161ite brojeve i navratite do na\u0161ih poslovnica kako bismo Vam izradili fotografije za trajnu uspomenu! A ako jo\u0161 niste, pogledajte galeriju karnevalskih fotografija od ovogodi\u0161njeg Pusta na www.fotoluigi.hr\/karneval<\/p>\n","protected":false},"author":1,"featured_media":0,"comment_status":"closed","ping_status":"open","sticky":false,"template":"","format":"standard","meta":{"footnotes":""},"categories":[3,2],"tags":[],"class_list":["post-812","post","type-post","status-publish","format-standard","hentry","category-galerija","category-novosti"],"_links":{"self":[{"href":"http:\/\/www.fotoluigi.hr\/index.php\/wp-json\/wp\/v2\/posts\/812","targetHints":{"allow":["GET"]}}],"collection":[{"href":"http:\/\/www.fotoluigi.hr\/index.php\/wp-json\/wp\/v2\/posts"}],"about":[{"href":"http:\/\/www.fotoluigi.hr\/index.php\/wp-json\/wp\/v2\/types\/post"}],"author":[{"embeddable":true,"href":"http:\/\/www.fotoluigi.hr\/index.php\/wp-json\/wp\/v2\/users\/1"}],"replies":[{"embeddable":true,"href":"http:\/\/www.fotoluigi.hr\/index.php\/wp-json\/wp\/v2\/comments?post=812"}],"version-history":[{"count":4,"href":"http:\/\/www.fotoluigi.hr\/index.php\/wp-json\/wp\/v2\/posts\/812\/revisions"}],"predecessor-version":[{"id":817,"href":"http:\/\/www.fotoluigi.hr\/index.php\/wp-json\/wp\/v2\/posts\/812\/revisions\/817"}],"wp:attachment":[{"href":"http:\/\/www.fotoluigi.hr\/index.php\/wp-json\/wp\/v2\/media?parent=812"}],"wp:term":[{"taxonomy":"category","embeddable":true,"href":"http:\/\/www.fotoluigi.hr\/index.php\/wp-json\/wp\/v2\/categories?post=812"},{"taxonomy":"post_tag","embeddable":true,"href":"http:\/\/www.fotoluigi.hr\/index.php\/wp-json\/wp\/v2\/tags?post=812"}],"curies":[{"name":"wp","href":"https:\/\/api.w.org\/{rel}","templated":true}]}}