{"id":799,"date":"2019-10-04T14:25:12","date_gmt":"2019-10-04T13:25:12","guid":{"rendered":"http:\/\/www.fotoluigi.hr\/?p=799"},"modified":"2019-10-07T14:41:34","modified_gmt":"2019-10-07T13:41:34","slug":"becki-tjedan-u-opatiji-2019-vienna-week-in-opatija-2019","status":"publish","type":"post","link":"http:\/\/www.fotoluigi.hr\/index.php\/becki-tjedan-u-opatiji-2019-vienna-week-in-opatija-2019\/","title":{"rendered":"Be\u010dki tjedan u Opatiji 2019 \/ Vienna Week in Opatija 2019"},"content":{"rendered":"\n<figure class=\"wp-block-image\"><img decoding=\"async\" src=\"https:\/\/fotoluigi315.zenfolio.com\/img\/s\/v-10\/p3636786252-4.jpg\" alt=\"\"\/><\/figure>\n\n\n\n<p>Galerije s ovogodi\u0161njeg Be\u010dkog tjedna pogledajte na <a rel=\"noreferrer noopener\" aria-label=\"ovoj stranici (otvara se u novoj kartici)\" href=\"https:\/\/fotoluigi315.zenfolio.com\/p416867583\" target=\"_blank\">ovoj stranici<\/a><\/p>\n\n\n\n<p>Linkovi na galerije po doga\u0111ajima su sljede\u0107i:<\/p>\n\n\n\n<p><a href=\"https:\/\/fotoluigi315.zenfolio.com\/p416867583\" target=\"_blank\" rel=\"noreferrer noopener\" aria-label=\"Be\u010dki bal 2019 Hotel Kvarner (otvara se u novoj kartici)\">Be\u010dki bal 2019 Hotel Kvarner<\/a><\/p>\n\n\n\n<p><a href=\"https:\/\/fotoluigi315.zenfolio.com\/p265721475\" target=\"_blank\" rel=\"noreferrer noopener\" aria-label=\"Degustacija austrijskih vina Hotel Kvarner (otvara se u novoj kartici)\">Degustacija austrijskih vina Hotel Kvarner<\/a><\/p>\n\n\n\n<p><a href=\"https:\/\/fotoluigi315.zenfolio.com\/p186304045\" target=\"_blank\" rel=\"noreferrer noopener\" aria-label=\"Lions humanitarna modna revija (otvara se u novoj kartici)\">Lions humanitarna modna revija<\/a><\/p>\n\n\n\n<p><a href=\"https:\/\/fotoluigi315.zenfolio.com\/p129504296\" target=\"_blank\" rel=\"noreferrer noopener\" aria-label=\"Koncert KuK orkestra u opatijskom parku (otvara se u novoj kartici)\">Koncert KuK orkestra u opatijskom parku<\/a><\/p>\n\n\n\n<p><\/p>\n","protected":false},"excerpt":{"rendered":"<p>Galerije s ovogodi\u0161njeg Be\u010dkog tjedna pogledajte na ovoj stranici Linkovi na galerije po doga\u0111ajima su sljede\u0107i: Be\u010dki bal 2019 Hotel Kvarner Degustacija austrijskih vina Hotel Kvarner Lions humanitarna modna revija Koncert KuK orkestra u opatijskom parku<\/p>\n","protected":false},"author":1,"featured_media":0,"comment_status":"closed","ping_status":"open","sticky":false,"template":"","format":"standard","meta":{"footnotes":""},"categories":[2],"tags":[],"class_list":["post-799","post","type-post","status-publish","format-standard","hentry","category-novosti"],"_links":{"self":[{"href":"http:\/\/www.fotoluigi.hr\/index.php\/wp-json\/wp\/v2\/posts\/799","targetHints":{"allow":["GET"]}}],"collection":[{"href":"http:\/\/www.fotoluigi.hr\/index.php\/wp-json\/wp\/v2\/posts"}],"about":[{"href":"http:\/\/www.fotoluigi.hr\/index.php\/wp-json\/wp\/v2\/types\/post"}],"author":[{"embeddable":true,"href":"http:\/\/www.fotoluigi.hr\/index.php\/wp-json\/wp\/v2\/users\/1"}],"replies":[{"embeddable":true,"href":"http:\/\/www.fotoluigi.hr\/index.php\/wp-json\/wp\/v2\/comments?post=799"}],"version-history":[{"count":1,"href":"http:\/\/www.fotoluigi.hr\/index.php\/wp-json\/wp\/v2\/posts\/799\/revisions"}],"predecessor-version":[{"id":800,"href":"http:\/\/www.fotoluigi.hr\/index.php\/wp-json\/wp\/v2\/posts\/799\/revisions\/800"}],"wp:attachment":[{"href":"http:\/\/www.fotoluigi.hr\/index.php\/wp-json\/wp\/v2\/media?parent=799"}],"wp:term":[{"taxonomy":"category","embeddable":true,"href":"http:\/\/www.fotoluigi.hr\/index.php\/wp-json\/wp\/v2\/categories?post=799"},{"taxonomy":"post_tag","embeddable":true,"href":"http:\/\/www.fotoluigi.hr\/index.php\/wp-json\/wp\/v2\/tags?post=799"}],"curies":[{"name":"wp","href":"https:\/\/api.w.org\/{rel}","templated":true}]}}