{"id":559,"date":"2016-10-08T16:06:31","date_gmt":"2016-10-08T15:06:31","guid":{"rendered":"http:\/\/www.fotoluigi.hr\/?p=559"},"modified":"2016-10-08T16:11:54","modified_gmt":"2016-10-08T15:11:54","slug":"becki-tjedan-2016-modna-revija-i-degustacija-vina","status":"publish","type":"post","link":"http:\/\/www.fotoluigi.hr\/index.php\/becki-tjedan-2016-modna-revija-i-degustacija-vina\/","title":{"rendered":"Be\u010dki tjedan 2016. &#8211; Modna revija i degustacija vina"},"content":{"rendered":"<p><img loading=\"lazy\" decoding=\"async\" class=\"alignleft \" src=\"https:\/\/c1.staticflickr.com\/9\/8716\/29522279624_ca5db57a95_o.jpg\" alt=\"\" width=\"177\" height=\"266\" \/>U sklopu Be\u010dkog tjedna odr\u017eana je humanitarna ve\u010der na kojoj su prezentirana najbolja vina be\u010dke regije. U nastavku ve\u010deri odr\u017eana je modna revija na kojoj su predstavljeni\u00a0modni trendovi za sezonu jesen\/zima 2016.<\/p>\n<p>Kompletnu galeriju s doga\u0111aja <a href=\"https:\/\/www.flickr.com\/photos\/101598051@N08\/sets\/72157674844180325\">pogledajte ovdje<\/a>.<\/p>\n","protected":false},"excerpt":{"rendered":"<p>U sklopu Be\u010dkog tjedna odr\u017eana je humanitarna ve\u010der na kojoj su prezentirana najbolja vina be\u010dke regije. U nastavku ve\u010deri odr\u017eana je modna revija na kojoj su predstavljeni\u00a0modni trendovi za sezonu jesen\/zima 2016. Kompletnu galeriju s doga\u0111aja pogledajte ovdje.<\/p>\n","protected":false},"author":1,"featured_media":0,"comment_status":"closed","ping_status":"open","sticky":false,"template":"","format":"standard","meta":{"footnotes":""},"categories":[7,20],"tags":[],"class_list":["post-559","post","type-post","status-publish","format-standard","hentry","category-eventi","category-jesen-2016"],"_links":{"self":[{"href":"http:\/\/www.fotoluigi.hr\/index.php\/wp-json\/wp\/v2\/posts\/559","targetHints":{"allow":["GET"]}}],"collection":[{"href":"http:\/\/www.fotoluigi.hr\/index.php\/wp-json\/wp\/v2\/posts"}],"about":[{"href":"http:\/\/www.fotoluigi.hr\/index.php\/wp-json\/wp\/v2\/types\/post"}],"author":[{"embeddable":true,"href":"http:\/\/www.fotoluigi.hr\/index.php\/wp-json\/wp\/v2\/users\/1"}],"replies":[{"embeddable":true,"href":"http:\/\/www.fotoluigi.hr\/index.php\/wp-json\/wp\/v2\/comments?post=559"}],"version-history":[{"count":3,"href":"http:\/\/www.fotoluigi.hr\/index.php\/wp-json\/wp\/v2\/posts\/559\/revisions"}],"predecessor-version":[{"id":562,"href":"http:\/\/www.fotoluigi.hr\/index.php\/wp-json\/wp\/v2\/posts\/559\/revisions\/562"}],"wp:attachment":[{"href":"http:\/\/www.fotoluigi.hr\/index.php\/wp-json\/wp\/v2\/media?parent=559"}],"wp:term":[{"taxonomy":"category","embeddable":true,"href":"http:\/\/www.fotoluigi.hr\/index.php\/wp-json\/wp\/v2\/categories?post=559"},{"taxonomy":"post_tag","embeddable":true,"href":"http:\/\/www.fotoluigi.hr\/index.php\/wp-json\/wp\/v2\/tags?post=559"}],"curies":[{"name":"wp","href":"https:\/\/api.w.org\/{rel}","templated":true}]}}