{"id":548,"date":"2016-06-10T12:01:21","date_gmt":"2016-06-10T11:01:21","guid":{"rendered":"http:\/\/www.fotoluigi.hr\/?p=548"},"modified":"2016-06-10T12:01:21","modified_gmt":"2016-06-10T11:01:21","slug":"mudra-sova-2016-os-matulji","status":"publish","type":"post","link":"http:\/\/www.fotoluigi.hr\/index.php\/mudra-sova-2016-os-matulji\/","title":{"rendered":"Mudra Sova 2016 O\u0160 Matulji"},"content":{"rendered":"<p><img loading=\"lazy\" decoding=\"async\" class=\"alignleft\" src=\"https:\/\/lh3.googleusercontent.com\/Uhb73bfo8zbtgLbTMpz7JxNrHAQZgVKu1VTOKluDWgxiQeFkEJl05kQBlTJyjY_8o6_7Zzkri9kaAI2gM6_KQ3A7bwWP_-_l2jphjsR70afOWEYu8DI7P8R7_w7wHmOoMm5DynKktVwQydcxeGOfFjgO2_oalsJ6JzW_Pm6kZ5_mmDW0J_vhjXfWTZ2pWrvWkUL-7zgcbkjb3Vf9rKK8rwKOmkPCeGBsm2DYE_HMJeZQT-OptXHi-YmM1zAyUM6oYu2g2JI60LZQAGlnSai7tfU75IlG-KHjSICeBbzJDDryNgw5CvZ34451LCJPZQLdowQnBrpIai0RPohc43Xkt-kr0KGdk-SeoM8N7_xN9Y2k-iRk19Edos8-TsuvWUO-Sc_dQCVLQ82pjkQJvX_Ka0N0o6NQPlyTLnhMaj6m8bxpZa4P21zGqeCVnzDr3c_mSEZHvzEN5bJ3o2H5bHu-gLH_kaShJ7J7tZB7bSVNeOJFYBhmZJ5QKVDHnL4i9FxvjpxM3JQOuEgAj_IPiOZnrmxQf6NQ02MDN97MH6mtpOqcDiIjkqcMq5lVPbSInXbSdJAnXhw8uU_z8a7VAUxb7kJGbAvtlTDI=w1024-h681-no\" width=\"450\" height=\"299\" \/><\/p>\n<p>I ove godine\u00a0su dodijeljene nagrade Mudre Sove O\u0160 Matulji. U\u010denicima koji su se istakli tijekom godine svojim radom, zalaganjem i uspjesima na raznim natjecanjima, sve\u010dano su uru\u010dene diplome na sve\u010danosti u matuljskoj \u0161kolskoj sportskoj dvorani<\/p>\n<p>Kompletnu galeriju fotografija \u00a0s doga\u0111aja pogledajte <a href=\"https:\/\/goo.gl\/photos\/vDCbtY8y584U4KN98\" target=\"_blank\">ovdje<\/a><\/p>\n","protected":false},"excerpt":{"rendered":"<p>I ove godine\u00a0su dodijeljene nagrade Mudre Sove O\u0160 Matulji. U\u010denicima koji su se istakli tijekom godine svojim radom, zalaganjem i uspjesima na raznim natjecanjima, sve\u010dano su uru\u010dene diplome na sve\u010danosti u matuljskoj \u0161kolskoj sportskoj dvorani Kompletnu galeriju fotografija \u00a0s doga\u0111aja pogledajte ovdje<\/p>\n","protected":false},"author":1,"featured_media":0,"comment_status":"closed","ping_status":"open","sticky":false,"template":"","format":"standard","meta":{"footnotes":""},"categories":[3,2,19],"tags":[],"class_list":["post-548","post","type-post","status-publish","format-standard","hentry","category-galerija","category-novosti","category-proljece-ljeto-2016"],"_links":{"self":[{"href":"http:\/\/www.fotoluigi.hr\/index.php\/wp-json\/wp\/v2\/posts\/548","targetHints":{"allow":["GET"]}}],"collection":[{"href":"http:\/\/www.fotoluigi.hr\/index.php\/wp-json\/wp\/v2\/posts"}],"about":[{"href":"http:\/\/www.fotoluigi.hr\/index.php\/wp-json\/wp\/v2\/types\/post"}],"author":[{"embeddable":true,"href":"http:\/\/www.fotoluigi.hr\/index.php\/wp-json\/wp\/v2\/users\/1"}],"replies":[{"embeddable":true,"href":"http:\/\/www.fotoluigi.hr\/index.php\/wp-json\/wp\/v2\/comments?post=548"}],"version-history":[{"count":1,"href":"http:\/\/www.fotoluigi.hr\/index.php\/wp-json\/wp\/v2\/posts\/548\/revisions"}],"predecessor-version":[{"id":549,"href":"http:\/\/www.fotoluigi.hr\/index.php\/wp-json\/wp\/v2\/posts\/548\/revisions\/549"}],"wp:attachment":[{"href":"http:\/\/www.fotoluigi.hr\/index.php\/wp-json\/wp\/v2\/media?parent=548"}],"wp:term":[{"taxonomy":"category","embeddable":true,"href":"http:\/\/www.fotoluigi.hr\/index.php\/wp-json\/wp\/v2\/categories?post=548"},{"taxonomy":"post_tag","embeddable":true,"href":"http:\/\/www.fotoluigi.hr\/index.php\/wp-json\/wp\/v2\/tags?post=548"}],"curies":[{"name":"wp","href":"https:\/\/api.w.org\/{rel}","templated":true}]}}