{"id":398,"date":"2016-01-28T11:14:10","date_gmt":"2016-01-28T10:14:10","guid":{"rendered":"http:\/\/www.fotoluigi.hr\/?p=398"},"modified":"2016-01-28T11:46:39","modified_gmt":"2016-01-28T10:46:39","slug":"mica-zvoncarska-smotra-mucici-album-1","status":"publish","type":"post","link":"http:\/\/www.fotoluigi.hr\/index.php\/mica-zvoncarska-smotra-mucici-album-1\/","title":{"rendered":"Mi\u0107a zvon\u010darska smotra Mu\u010di\u0107i &#8211; Album 1"},"content":{"rendered":"<p style=\"text-align: center;\">[simpleviewer gallery_id=&#8221;73&#8243;]<\/p>\n<p style=\"text-align: center;\">MI\u0106A ZVON\u010cARSKA SMOTRA MU\u010cI\u0106I: <a href=\"http:\/\/www.fotoluigi.hr\/index.php\/mica-zvoncarska-smotra-mucici-album-1\/\" target=\"_blank\">ALBUM 1<\/a> \u00a0 <a href=\"http:\/\/www.fotoluigi.hr\/index.php\/mica-zvoncarska-smotra-mucici-album-2\/\" target=\"_blank\">ALBUM 2<\/a><\/p>\n","protected":false},"excerpt":{"rendered":"<p>[simpleviewer gallery_id=&#8221;73&#8243;] MI\u0106A ZVON\u010cARSKA SMOTRA MU\u010cI\u0106I: ALBUM 1 \u00a0 ALBUM 2<\/p>\n","protected":false},"author":1,"featured_media":0,"comment_status":"closed","ping_status":"open","sticky":false,"template":"","format":"standard","meta":{"footnotes":""},"categories":[7,18,2],"tags":[],"class_list":["post-398","post","type-post","status-publish","format-standard","hentry","category-eventi","category-karneval-2016","category-novosti"],"_links":{"self":[{"href":"http:\/\/www.fotoluigi.hr\/index.php\/wp-json\/wp\/v2\/posts\/398","targetHints":{"allow":["GET"]}}],"collection":[{"href":"http:\/\/www.fotoluigi.hr\/index.php\/wp-json\/wp\/v2\/posts"}],"about":[{"href":"http:\/\/www.fotoluigi.hr\/index.php\/wp-json\/wp\/v2\/types\/post"}],"author":[{"embeddable":true,"href":"http:\/\/www.fotoluigi.hr\/index.php\/wp-json\/wp\/v2\/users\/1"}],"replies":[{"embeddable":true,"href":"http:\/\/www.fotoluigi.hr\/index.php\/wp-json\/wp\/v2\/comments?post=398"}],"version-history":[{"count":2,"href":"http:\/\/www.fotoluigi.hr\/index.php\/wp-json\/wp\/v2\/posts\/398\/revisions"}],"predecessor-version":[{"id":404,"href":"http:\/\/www.fotoluigi.hr\/index.php\/wp-json\/wp\/v2\/posts\/398\/revisions\/404"}],"wp:attachment":[{"href":"http:\/\/www.fotoluigi.hr\/index.php\/wp-json\/wp\/v2\/media?parent=398"}],"wp:term":[{"taxonomy":"category","embeddable":true,"href":"http:\/\/www.fotoluigi.hr\/index.php\/wp-json\/wp\/v2\/categories?post=398"},{"taxonomy":"post_tag","embeddable":true,"href":"http:\/\/www.fotoluigi.hr\/index.php\/wp-json\/wp\/v2\/tags?post=398"}],"curies":[{"name":"wp","href":"https:\/\/api.w.org\/{rel}","templated":true}]}}