{"id":357,"date":"2015-11-13T11:32:50","date_gmt":"2015-11-13T10:32:50","guid":{"rendered":"http:\/\/www.fotoluigi.hr\/?p=357"},"modified":"2015-11-13T11:32:50","modified_gmt":"2015-11-13T10:32:50","slug":"izlozba-slikopisi-jadranske-obale-rieger-kaser-ignatoski","status":"publish","type":"post","link":"http:\/\/www.fotoluigi.hr\/index.php\/izlozba-slikopisi-jadranske-obale-rieger-kaser-ignatoski\/","title":{"rendered":"Izlo\u017eba Slikopisi jadranske obale Rieger, Kaser, Ignatoski"},"content":{"rendered":"<p>Pogledajte ugo\u0111aj s otvorenja izlo\u017ebe starih fotografija na\u0161ih turisti\u010dkih mjesta u umjetni\u010dkom paviljonu Juraj \u0160porer. Izlo\u017eba je otvorena jo\u0161 par dana (do 18.11.2015., pa ako niste jo\u0161 biti, svakako svratite do \u0160porera!<\/p>\n<p>[simpleviewer gallery_id=&#8221;63&#8243;]<\/p>\n","protected":false},"excerpt":{"rendered":"<p>Pogledajte ugo\u0111aj s otvorenja izlo\u017ebe starih fotografija na\u0161ih turisti\u010dkih mjesta u umjetni\u010dkom paviljonu Juraj \u0160porer. Izlo\u017eba je otvorena jo\u0161 par dana (do 18.11.2015., pa ako niste jo\u0161 biti, svakako svratite do \u0160porera! [simpleviewer gallery_id=&#8221;63&#8243;]<\/p>\n","protected":false},"author":1,"featured_media":0,"comment_status":"closed","ping_status":"open","sticky":false,"template":"","format":"standard","meta":{"footnotes":""},"categories":[7,16,2],"tags":[],"class_list":["post-357","post","type-post","status-publish","format-standard","hentry","category-eventi","category-fall2015","category-novosti"],"_links":{"self":[{"href":"http:\/\/www.fotoluigi.hr\/index.php\/wp-json\/wp\/v2\/posts\/357","targetHints":{"allow":["GET"]}}],"collection":[{"href":"http:\/\/www.fotoluigi.hr\/index.php\/wp-json\/wp\/v2\/posts"}],"about":[{"href":"http:\/\/www.fotoluigi.hr\/index.php\/wp-json\/wp\/v2\/types\/post"}],"author":[{"embeddable":true,"href":"http:\/\/www.fotoluigi.hr\/index.php\/wp-json\/wp\/v2\/users\/1"}],"replies":[{"embeddable":true,"href":"http:\/\/www.fotoluigi.hr\/index.php\/wp-json\/wp\/v2\/comments?post=357"}],"version-history":[{"count":1,"href":"http:\/\/www.fotoluigi.hr\/index.php\/wp-json\/wp\/v2\/posts\/357\/revisions"}],"predecessor-version":[{"id":358,"href":"http:\/\/www.fotoluigi.hr\/index.php\/wp-json\/wp\/v2\/posts\/357\/revisions\/358"}],"wp:attachment":[{"href":"http:\/\/www.fotoluigi.hr\/index.php\/wp-json\/wp\/v2\/media?parent=357"}],"wp:term":[{"taxonomy":"category","embeddable":true,"href":"http:\/\/www.fotoluigi.hr\/index.php\/wp-json\/wp\/v2\/categories?post=357"},{"taxonomy":"post_tag","embeddable":true,"href":"http:\/\/www.fotoluigi.hr\/index.php\/wp-json\/wp\/v2\/tags?post=357"}],"curies":[{"name":"wp","href":"https:\/\/api.w.org\/{rel}","templated":true}]}}