{"id":332,"date":"2015-07-31T16:52:06","date_gmt":"2015-07-31T15:52:06","guid":{"rendered":"http:\/\/www.fotoluigi.hr\/?p=332"},"modified":"2015-08-04T13:56:40","modified_gmt":"2015-08-04T12:56:40","slug":"7-smotra-i-regata-tradicijskih-barki-m-draga-2015-subota","status":"publish","type":"post","link":"http:\/\/www.fotoluigi.hr\/index.php\/7-smotra-i-regata-tradicijskih-barki-m-draga-2015-subota\/","title":{"rendered":"7. Smotra i regata tradicijskih barki M Draga 2015 &#8211; Subota"},"content":{"rendered":"<p>Tradicijske barke uz najljep\u0161u panoramu &#8211; Mo\u0161\u0107eni\u010dku Dragu i njene pla\u017ee, privukle su velik broj ljubitelja i \u0161tovatelja ovih plovila i na\u010dina \u017eivota.\u00a0Obilan vjetar osigurao je dinami\u010dnost, a fe\u0161ta koja je uslijedila zaokru\u017eila je predivan dan u dru\u0161tvu latinskih jedara, drvenih barki i iskusnih moreplovaca.\u00a0Ako niste bili\u00a0tamo u\u017eivo, pogledajte na\u0161u galeriju!<\/p>\n<p>[simpleviewer gallery_id=&#8221;57&#8243;]<\/p>\n","protected":false},"excerpt":{"rendered":"<p>Tradicijske barke uz najljep\u0161u panoramu &#8211; Mo\u0161\u0107eni\u010dku Dragu i njene pla\u017ee, privukle su velik broj ljubitelja i \u0161tovatelja ovih plovila i na\u010dina \u017eivota.\u00a0Obilan vjetar osigurao je dinami\u010dnost, a fe\u0161ta koja je uslijedila zaokru\u017eila je predivan dan u dru\u0161tvu latinskih jedara, drvenih barki i iskusnih moreplovaca.\u00a0Ako niste bili\u00a0tamo u\u017eivo, pogledajte na\u0161u galeriju! [simpleviewer gallery_id=&#8221;57&#8243;]<\/p>\n","protected":false},"author":1,"featured_media":0,"comment_status":"closed","ping_status":"open","sticky":false,"template":"","format":"standard","meta":{"footnotes":""},"categories":[7,3,8,2],"tags":[],"class_list":["post-332","post","type-post","status-publish","format-standard","hentry","category-eventi","category-galerija","category-summer2015","category-novosti"],"_links":{"self":[{"href":"http:\/\/www.fotoluigi.hr\/index.php\/wp-json\/wp\/v2\/posts\/332","targetHints":{"allow":["GET"]}}],"collection":[{"href":"http:\/\/www.fotoluigi.hr\/index.php\/wp-json\/wp\/v2\/posts"}],"about":[{"href":"http:\/\/www.fotoluigi.hr\/index.php\/wp-json\/wp\/v2\/types\/post"}],"author":[{"embeddable":true,"href":"http:\/\/www.fotoluigi.hr\/index.php\/wp-json\/wp\/v2\/users\/1"}],"replies":[{"embeddable":true,"href":"http:\/\/www.fotoluigi.hr\/index.php\/wp-json\/wp\/v2\/comments?post=332"}],"version-history":[{"count":1,"href":"http:\/\/www.fotoluigi.hr\/index.php\/wp-json\/wp\/v2\/posts\/332\/revisions"}],"predecessor-version":[{"id":333,"href":"http:\/\/www.fotoluigi.hr\/index.php\/wp-json\/wp\/v2\/posts\/332\/revisions\/333"}],"wp:attachment":[{"href":"http:\/\/www.fotoluigi.hr\/index.php\/wp-json\/wp\/v2\/media?parent=332"}],"wp:term":[{"taxonomy":"category","embeddable":true,"href":"http:\/\/www.fotoluigi.hr\/index.php\/wp-json\/wp\/v2\/categories?post=332"},{"taxonomy":"post_tag","embeddable":true,"href":"http:\/\/www.fotoluigi.hr\/index.php\/wp-json\/wp\/v2\/tags?post=332"}],"curies":[{"name":"wp","href":"https:\/\/api.w.org\/{rel}","templated":true}]}}