{"id":328,"date":"2015-07-31T16:46:34","date_gmt":"2015-07-31T15:46:34","guid":{"rendered":"http:\/\/www.fotoluigi.hr\/?p=328"},"modified":"2015-08-04T13:56:41","modified_gmt":"2015-08-04T12:56:41","slug":"7-smotra-i-regeta-tradicijskih-barki-m-draga-2015-petak","status":"publish","type":"post","link":"http:\/\/www.fotoluigi.hr\/index.php\/7-smotra-i-regeta-tradicijskih-barki-m-draga-2015-petak\/","title":{"rendered":"7. Smotra i regata tradicijskih barki M Draga 2015 &#8211; Petak"},"content":{"rendered":"<p>Vi\u0161ednevna manifestacija Mala barka okupila je ljubitelje tradicijskih plovila u Mo\u0161\u0107eni\u010dku Dragu.\u00a0Galeriju s prvog dana pogledajte u nastavku&#8230;<\/p>\n<p>[simpleviewer gallery_id=&#8221;56&#8243;]<\/p>\n","protected":false},"excerpt":{"rendered":"<p>Vi\u0161ednevna manifestacija Mala barka okupila je ljubitelje tradicijskih plovila u Mo\u0161\u0107eni\u010dku Dragu.\u00a0Galeriju s prvog dana pogledajte u nastavku&#8230; [simpleviewer gallery_id=&#8221;56&#8243;]<\/p>\n","protected":false},"author":1,"featured_media":0,"comment_status":"closed","ping_status":"open","sticky":false,"template":"","format":"standard","meta":{"footnotes":""},"categories":[7,3,8,2],"tags":[],"class_list":["post-328","post","type-post","status-publish","format-standard","hentry","category-eventi","category-galerija","category-summer2015","category-novosti"],"_links":{"self":[{"href":"http:\/\/www.fotoluigi.hr\/index.php\/wp-json\/wp\/v2\/posts\/328","targetHints":{"allow":["GET"]}}],"collection":[{"href":"http:\/\/www.fotoluigi.hr\/index.php\/wp-json\/wp\/v2\/posts"}],"about":[{"href":"http:\/\/www.fotoluigi.hr\/index.php\/wp-json\/wp\/v2\/types\/post"}],"author":[{"embeddable":true,"href":"http:\/\/www.fotoluigi.hr\/index.php\/wp-json\/wp\/v2\/users\/1"}],"replies":[{"embeddable":true,"href":"http:\/\/www.fotoluigi.hr\/index.php\/wp-json\/wp\/v2\/comments?post=328"}],"version-history":[{"count":3,"href":"http:\/\/www.fotoluigi.hr\/index.php\/wp-json\/wp\/v2\/posts\/328\/revisions"}],"predecessor-version":[{"id":331,"href":"http:\/\/www.fotoluigi.hr\/index.php\/wp-json\/wp\/v2\/posts\/328\/revisions\/331"}],"wp:attachment":[{"href":"http:\/\/www.fotoluigi.hr\/index.php\/wp-json\/wp\/v2\/media?parent=328"}],"wp:term":[{"taxonomy":"category","embeddable":true,"href":"http:\/\/www.fotoluigi.hr\/index.php\/wp-json\/wp\/v2\/categories?post=328"},{"taxonomy":"post_tag","embeddable":true,"href":"http:\/\/www.fotoluigi.hr\/index.php\/wp-json\/wp\/v2\/tags?post=328"}],"curies":[{"name":"wp","href":"https:\/\/api.w.org\/{rel}","templated":true}]}}