{"id":274,"date":"2015-02-23T10:49:51","date_gmt":"2015-02-23T09:49:51","guid":{"rendered":"http:\/\/www.fotoluigi.hr\/?p=274"},"modified":"2015-02-23T10:49:51","modified_gmt":"2015-02-23T09:49:51","slug":"krug-zvoncari-zejane-i-mune","status":"publish","type":"post","link":"http:\/\/www.fotoluigi.hr\/index.php\/krug-zvoncari-zejane-i-mune\/","title":{"rendered":"Krug Zvon\u010dari \u017dejane i Mune"},"content":{"rendered":"<p>Najistureniji Zvon\u010dari matuljske op\u0107ine\u00a0obi\u0161li su svoj kraj. Fotografije koje\u00a0smo snimili pogledajte u nastavku&#8230;<\/p>\n<p style=\"text-align: center;\">[simpleviewer gallery_id=&#8221;42&#8243;]<\/p>\n","protected":false},"excerpt":{"rendered":"<p>Najistureniji Zvon\u010dari matuljske op\u0107ine\u00a0obi\u0161li su svoj kraj. Fotografije koje\u00a0smo snimili pogledajte u nastavku&#8230; [simpleviewer gallery_id=&#8221;42&#8243;]<\/p>\n","protected":false},"author":1,"featured_media":0,"comment_status":"closed","ping_status":"open","sticky":false,"template":"","format":"standard","meta":{"footnotes":""},"categories":[3,4,2],"tags":[],"class_list":["post-274","post","type-post","status-publish","format-standard","hentry","category-galerija","category-karneval-2015","category-novosti"],"_links":{"self":[{"href":"http:\/\/www.fotoluigi.hr\/index.php\/wp-json\/wp\/v2\/posts\/274","targetHints":{"allow":["GET"]}}],"collection":[{"href":"http:\/\/www.fotoluigi.hr\/index.php\/wp-json\/wp\/v2\/posts"}],"about":[{"href":"http:\/\/www.fotoluigi.hr\/index.php\/wp-json\/wp\/v2\/types\/post"}],"author":[{"embeddable":true,"href":"http:\/\/www.fotoluigi.hr\/index.php\/wp-json\/wp\/v2\/users\/1"}],"replies":[{"embeddable":true,"href":"http:\/\/www.fotoluigi.hr\/index.php\/wp-json\/wp\/v2\/comments?post=274"}],"version-history":[{"count":1,"href":"http:\/\/www.fotoluigi.hr\/index.php\/wp-json\/wp\/v2\/posts\/274\/revisions"}],"predecessor-version":[{"id":275,"href":"http:\/\/www.fotoluigi.hr\/index.php\/wp-json\/wp\/v2\/posts\/274\/revisions\/275"}],"wp:attachment":[{"href":"http:\/\/www.fotoluigi.hr\/index.php\/wp-json\/wp\/v2\/media?parent=274"}],"wp:term":[{"taxonomy":"category","embeddable":true,"href":"http:\/\/www.fotoluigi.hr\/index.php\/wp-json\/wp\/v2\/categories?post=274"},{"taxonomy":"post_tag","embeddable":true,"href":"http:\/\/www.fotoluigi.hr\/index.php\/wp-json\/wp\/v2\/tags?post=274"}],"curies":[{"name":"wp","href":"https:\/\/api.w.org\/{rel}","templated":true}]}}