{"id":267,"date":"2015-02-23T10:41:41","date_gmt":"2015-02-23T09:41:41","guid":{"rendered":"http:\/\/www.fotoluigi.hr\/?p=267"},"modified":"2015-02-23T10:41:52","modified_gmt":"2015-02-23T09:41:52","slug":"krug-rukavacki-zvoncari-i-partenjaki-na-pusni-utorak","status":"publish","type":"post","link":"http:\/\/www.fotoluigi.hr\/index.php\/krug-rukavacki-zvoncari-i-partenjaki-na-pusni-utorak\/","title":{"rendered":"Krug Rukava\u010dki zvon\u010dari i Partenjaki na Pusni utorak"},"content":{"rendered":"<p>Zvon\u010dari u\u00a0svom izvornom obliku, obilazak sela i dru\u017eenje. \u00a0Rukava\u010dku galeriju pogledajte u nastavku.<\/p>\n<p style=\"text-align: center;\">[simpleviewer gallery_id=&#8221;39&#8243;]<\/p>\n","protected":false},"excerpt":{"rendered":"<p>Zvon\u010dari u\u00a0svom izvornom obliku, obilazak sela i dru\u017eenje. \u00a0Rukava\u010dku galeriju pogledajte u nastavku. [simpleviewer gallery_id=&#8221;39&#8243;]<\/p>\n","protected":false},"author":1,"featured_media":0,"comment_status":"closed","ping_status":"open","sticky":false,"template":"","format":"standard","meta":{"footnotes":""},"categories":[3,4,2],"tags":[],"class_list":["post-267","post","type-post","status-publish","format-standard","hentry","category-galerija","category-karneval-2015","category-novosti"],"_links":{"self":[{"href":"http:\/\/www.fotoluigi.hr\/index.php\/wp-json\/wp\/v2\/posts\/267","targetHints":{"allow":["GET"]}}],"collection":[{"href":"http:\/\/www.fotoluigi.hr\/index.php\/wp-json\/wp\/v2\/posts"}],"about":[{"href":"http:\/\/www.fotoluigi.hr\/index.php\/wp-json\/wp\/v2\/types\/post"}],"author":[{"embeddable":true,"href":"http:\/\/www.fotoluigi.hr\/index.php\/wp-json\/wp\/v2\/users\/1"}],"replies":[{"embeddable":true,"href":"http:\/\/www.fotoluigi.hr\/index.php\/wp-json\/wp\/v2\/comments?post=267"}],"version-history":[{"count":2,"href":"http:\/\/www.fotoluigi.hr\/index.php\/wp-json\/wp\/v2\/posts\/267\/revisions"}],"predecessor-version":[{"id":269,"href":"http:\/\/www.fotoluigi.hr\/index.php\/wp-json\/wp\/v2\/posts\/267\/revisions\/269"}],"wp:attachment":[{"href":"http:\/\/www.fotoluigi.hr\/index.php\/wp-json\/wp\/v2\/media?parent=267"}],"wp:term":[{"taxonomy":"category","embeddable":true,"href":"http:\/\/www.fotoluigi.hr\/index.php\/wp-json\/wp\/v2\/categories?post=267"},{"taxonomy":"post_tag","embeddable":true,"href":"http:\/\/www.fotoluigi.hr\/index.php\/wp-json\/wp\/v2\/tags?post=267"}],"curies":[{"name":"wp","href":"https:\/\/api.w.org\/{rel}","templated":true}]}}