{"id":155,"date":"2015-01-25T21:07:45","date_gmt":"2015-01-25T20:07:45","guid":{"rendered":"http:\/\/www.fotoluigi.hr\/?p=155"},"modified":"2015-01-25T21:08:47","modified_gmt":"2015-01-25T20:08:47","slug":"dizanje-pusta-lovran","status":"publish","type":"post","link":"http:\/\/www.fotoluigi.hr\/index.php\/dizanje-pusta-lovran\/","title":{"rendered":"Dizanje Pusta Lovran"},"content":{"rendered":"<p>Lovranski Pust je podignut, a kao prilog sve\u010danosti otvorena je i izlo\u017eba fotografija. Pogledajte ugo\u0111aj u galeriji&#8230;<\/p>\n<p style=\"text-align: center;\">[simpleviewer gallery_id=&#8221;3&#8243;]<\/p>\n","protected":false},"excerpt":{"rendered":"<p>Lovranski Pust je podignut, a kao prilog sve\u010danosti otvorena je i izlo\u017eba fotografija. Pogledajte ugo\u0111aj u galeriji&#8230; [simpleviewer gallery_id=&#8221;3&#8243;]<\/p>\n","protected":false},"author":1,"featured_media":0,"comment_status":"closed","ping_status":"open","sticky":false,"template":"","format":"standard","meta":{"footnotes":""},"categories":[3,4,2],"tags":[],"class_list":["post-155","post","type-post","status-publish","format-standard","hentry","category-galerija","category-karneval-2015","category-novosti"],"_links":{"self":[{"href":"http:\/\/www.fotoluigi.hr\/index.php\/wp-json\/wp\/v2\/posts\/155","targetHints":{"allow":["GET"]}}],"collection":[{"href":"http:\/\/www.fotoluigi.hr\/index.php\/wp-json\/wp\/v2\/posts"}],"about":[{"href":"http:\/\/www.fotoluigi.hr\/index.php\/wp-json\/wp\/v2\/types\/post"}],"author":[{"embeddable":true,"href":"http:\/\/www.fotoluigi.hr\/index.php\/wp-json\/wp\/v2\/users\/1"}],"replies":[{"embeddable":true,"href":"http:\/\/www.fotoluigi.hr\/index.php\/wp-json\/wp\/v2\/comments?post=155"}],"version-history":[{"count":2,"href":"http:\/\/www.fotoluigi.hr\/index.php\/wp-json\/wp\/v2\/posts\/155\/revisions"}],"predecessor-version":[{"id":157,"href":"http:\/\/www.fotoluigi.hr\/index.php\/wp-json\/wp\/v2\/posts\/155\/revisions\/157"}],"wp:attachment":[{"href":"http:\/\/www.fotoluigi.hr\/index.php\/wp-json\/wp\/v2\/media?parent=155"}],"wp:term":[{"taxonomy":"category","embeddable":true,"href":"http:\/\/www.fotoluigi.hr\/index.php\/wp-json\/wp\/v2\/categories?post=155"},{"taxonomy":"post_tag","embeddable":true,"href":"http:\/\/www.fotoluigi.hr\/index.php\/wp-json\/wp\/v2\/tags?post=155"}],"curies":[{"name":"wp","href":"https:\/\/api.w.org\/{rel}","templated":true}]}}